{"id":1312,"date":"2011-05-20T15:03:43","date_gmt":"2011-05-20T15:03:43","guid":{"rendered":"https:\/\/pauroux.com\/?p=1312"},"modified":"2023-03-31T10:09:33","modified_gmt":"2023-03-31T08:09:33","slug":"een-reportage-op-de-regionale-tv-zender","status":"publish","type":"post","link":"https:\/\/pauroux.com\/nl\/een-reportage-op-de-regionale-tv-zender\/","title":{"rendered":"Een reportage op de regionale TV-zender"},"content":{"rendered":"<p>Ooit had ik bij vrienden van ons geocaching ontdekt; schatzoeken met een GPS. Je krijgt de coordinaten van de plek waar de cache verstopt is en je gaat op zoek. Het leek mij een leuke manier om C\u00e9dric, die inmiddels 13 jaar is, enthousiast te maken voor een wandeling. Tenslotte is het ook een puber geworden met de daarbij behorende gebruiksaanwijzing (Alhoewel ik wel eerlijk moet toegeven dat we het zo slecht nog niet getroffen hebben). Maar goed geocaching dus. Inmiddels is deze hobby een beetje uit de hand gelopen en kunnen (met name Franse) gasten bij ons een geocaching-arrangement boeken.<\/p>\n<div id=\"attachment_1315\" style=\"width: 310px\" class=\"wp-caption alignright\"><a href=\"https:\/\/pauroux.com\/wp-content\/uploads\/2011\/05\/keuken_Sabine_006.jpg\" rel=\"lightbox[1312]\"><img loading=\"lazy\" decoding=\"async\" aria-describedby=\"caption-attachment-1315\" class=\"size-medium wp-image-1315\" alt=\"video Geocaching Dr\u00f4me\" src=\"https:\/\/pauroux.com\/wp-content\/uploads\/2011\/05\/keuken_Sabine_006-300x225.jpg\" width=\"300\" height=\"225\" srcset=\"https:\/\/pauroux.com\/wp-content\/uploads\/2011\/05\/keuken_Sabine_006-300x225.jpg 300w, https:\/\/pauroux.com\/wp-content\/uploads\/2011\/05\/keuken_Sabine_006-1024x768.jpg 1024w, https:\/\/pauroux.com\/wp-content\/uploads\/2011\/05\/keuken_Sabine_006-160x120.jpg 160w, https:\/\/pauroux.com\/wp-content\/uploads\/2011\/05\/keuken_Sabine_006.jpg 2048w\" sizes=\"auto, (max-width: 300px) 100vw, 300px\" \/><\/a><p id=\"caption-attachment-1315\" class=\"wp-caption-text\">.<\/p><\/div>\n<p>De toeristische afdeling van het departement is heel actief in de promotie van dit arrangement wat geleid heeft tot de vraag van de Franse regionale televisie Rh\u00f4ne-Alpes TV of ze een reportage mochten maken. Heel leuk natuurlijk die gratis reclame, alhoewel Thierry daar in eerste instantie heel anders over dacht (\u2018Ik wil niet in beeld!&#8217;). En ik vond het heel eng dat het in het Frans moest. Uiteindelijk stonden we afgelopen woensdag opnames te maken. En dat viel inderdaad nog niet mee. De cameraman was een Pietje precies, dus hand zus, hoofd zo. En als ik er dan eindelijk klaar voor was, geconcentreerd op mijn tekst, verdween ineens de zon achter een wolk en moest ik weer wachten. We zijn een dik uur bezig geweest met een interview van 5 korte vragen. En dat zittend in het zonnetje met een zwart vestje aan, zodat de microfoon niet zou opvallen. U begrijpt ik had het warm !<\/p>\n<div id=\"attachment_1316\" style=\"width: 310px\" class=\"wp-caption alignleft\"><a href=\"https:\/\/pauroux.com\/wp-content\/uploads\/2011\/05\/keuken_Sabine_018.jpg\" rel=\"lightbox[1312]\"><img loading=\"lazy\" decoding=\"async\" aria-describedby=\"caption-attachment-1316\" class=\"size-medium wp-image-1316\" alt=\"video geocaching Dr\u00f4me\" src=\"https:\/\/pauroux.com\/wp-content\/uploads\/2011\/05\/keuken_Sabine_018-300x225.jpg\" width=\"300\" height=\"225\" srcset=\"https:\/\/pauroux.com\/wp-content\/uploads\/2011\/05\/keuken_Sabine_018-300x225.jpg 300w, https:\/\/pauroux.com\/wp-content\/uploads\/2011\/05\/keuken_Sabine_018-1024x768.jpg 1024w, https:\/\/pauroux.com\/wp-content\/uploads\/2011\/05\/keuken_Sabine_018-160x120.jpg 160w, https:\/\/pauroux.com\/wp-content\/uploads\/2011\/05\/keuken_Sabine_018.jpg 2048w\" sizes=\"auto, (max-width: 300px) 100vw, 300px\" \/><\/a><p id=\"caption-attachment-1316\" class=\"wp-caption-text\">.<\/p><\/div>\n<p>De cameraman had het duidelijk zwaar met mij, want na door het interview te zijn geploeterd, waren er wallen onder zijn ogen verschenen. Die overigens even later weer snel verdwenen toen hij genoot van de mooie opnames die hij kon maken van het huis. Tja helaas dat is fotogenieker dan ik. Thierry vond overigens alles ineens bijzonder leuk. Richtte met plezier de keuken in voor een paar camerashots waarbij een ei moest worden gebroken; wat zes keer over moest, omdat die verse eieren van ons niet makkelijk mooi breken. Verder schoffelde hij vrolijk in de moestuin. Ja hij wel, want hij hoefde niks te zeggen, op de achtergrond zou mijn stem te horen zijn! Nu slaat de onzekerheid toe, deed ik het wel goed genoeg, en is het afwachten op het resultaat\u2026\u2026.. We laten het weten als de uitzending online staat!\u00a0\u00a0\u00a0\u00a0\u00a0 (Zie de pagina <a title=\"Video\" href=\"https:\/\/pauroux.com\/video\/\">Video<\/a>)<\/p>\n","protected":false},"excerpt":{"rendered":"<p>Ooit had ik bij vrienden van ons geocaching ontdekt; schatzoeken met een GPS. Je krijgt de coordinaten van de plek waar de cache verstopt is en je gaat op zoek. Het leek mij een leuke manier om C\u00e9dric, die inmiddels 13 jaar is, enthousiast te maken voor een wandeling. Tenslotte is het ook een puber [&hellip;]<\/p>\n","protected":false},"author":2,"featured_media":0,"comment_status":"closed","ping_status":"closed","sticky":false,"template":"","format":"standard","meta":{"footnotes":""},"categories":[5],"tags":[],"class_list":["post-1312","post","type-post","status-publish","format-standard","hentry","category-blog"],"yoast_head":"<!-- This site is optimized with the Yoast SEO plugin v27.5 - https:\/\/yoast.com\/product\/yoast-seo-wordpress\/ -->\n<title>Een reportage op de regionale TV-zender - Ferme de Pauroux<\/title>\n<meta name=\"robots\" content=\"index, follow, max-snippet:-1, max-image-preview:large, max-video-preview:-1\" \/>\n<link rel=\"canonical\" href=\"https:\/\/pauroux.com\/nl\/een-reportage-op-de-regionale-tv-zender\/\" \/>\n<meta property=\"og:locale\" content=\"nl_NL\" \/>\n<meta property=\"og:type\" content=\"article\" \/>\n<meta property=\"og:title\" content=\"Een reportage op de regionale TV-zender - Ferme de Pauroux\" \/>\n<meta property=\"og:description\" content=\"Ooit had ik bij vrienden van ons geocaching ontdekt; schatzoeken met een GPS. Je krijgt de coordinaten van de plek waar de cache verstopt is en je gaat op zoek. Het leek mij een leuke manier om C\u00e9dric, die inmiddels 13 jaar is, enthousiast te maken voor een wandeling. Tenslotte is het ook een puber [&hellip;]\" \/>\n<meta property=\"og:url\" content=\"https:\/\/pauroux.com\/nl\/een-reportage-op-de-regionale-tv-zender\/\" \/>\n<meta property=\"og:site_name\" content=\"Ferme de Pauroux\" \/>\n<meta property=\"article:published_time\" content=\"2011-05-20T15:03:43+00:00\" \/>\n<meta property=\"article:modified_time\" content=\"2023-03-31T08:09:33+00:00\" \/>\n<meta property=\"og:image\" content=\"https:\/\/pauroux.com\/wp-content\/uploads\/2011\/05\/keuken_Sabine_006-300x225.jpg\" \/>\n<meta name=\"author\" content=\"admin\" \/>\n<meta name=\"twitter:label1\" content=\"Geschreven door\" \/>\n\t<meta name=\"twitter:data1\" content=\"admin\" \/>\n\t<meta name=\"twitter:label2\" content=\"Geschatte leestijd\" \/>\n\t<meta name=\"twitter:data2\" content=\"2 minuten\" \/>\n<script type=\"application\/ld+json\" class=\"yoast-schema-graph\">{\"@context\":\"https:\\\/\\\/schema.org\",\"@graph\":[{\"@type\":\"Article\",\"@id\":\"https:\\\/\\\/pauroux.com\\\/nl\\\/een-reportage-op-de-regionale-tv-zender\\\/#article\",\"isPartOf\":{\"@id\":\"https:\\\/\\\/pauroux.com\\\/nl\\\/een-reportage-op-de-regionale-tv-zender\\\/\"},\"author\":{\"name\":\"admin\",\"@id\":\"https:\\\/\\\/pauroux.com\\\/#\\\/schema\\\/person\\\/6c99610c5a38a88f5398a84d6c9a6b16\"},\"headline\":\"Een reportage op de regionale TV-zender\",\"datePublished\":\"2011-05-20T15:03:43+00:00\",\"dateModified\":\"2023-03-31T08:09:33+00:00\",\"mainEntityOfPage\":{\"@id\":\"https:\\\/\\\/pauroux.com\\\/nl\\\/een-reportage-op-de-regionale-tv-zender\\\/\"},\"wordCount\":421,\"image\":{\"@id\":\"https:\\\/\\\/pauroux.com\\\/nl\\\/een-reportage-op-de-regionale-tv-zender\\\/#primaryimage\"},\"thumbnailUrl\":\"https:\\\/\\\/pauroux.com\\\/wp-content\\\/uploads\\\/2011\\\/05\\\/keuken_Sabine_006-300x225.jpg\",\"articleSection\":[\"Blog\"],\"inLanguage\":\"nl-NL\"},{\"@type\":\"WebPage\",\"@id\":\"https:\\\/\\\/pauroux.com\\\/nl\\\/een-reportage-op-de-regionale-tv-zender\\\/\",\"url\":\"https:\\\/\\\/pauroux.com\\\/nl\\\/een-reportage-op-de-regionale-tv-zender\\\/\",\"name\":\"Een reportage op de regionale TV-zender - Ferme de Pauroux\",\"isPartOf\":{\"@id\":\"https:\\\/\\\/pauroux.com\\\/#website\"},\"primaryImageOfPage\":{\"@id\":\"https:\\\/\\\/pauroux.com\\\/nl\\\/een-reportage-op-de-regionale-tv-zender\\\/#primaryimage\"},\"image\":{\"@id\":\"https:\\\/\\\/pauroux.com\\\/nl\\\/een-reportage-op-de-regionale-tv-zender\\\/#primaryimage\"},\"thumbnailUrl\":\"https:\\\/\\\/pauroux.com\\\/wp-content\\\/uploads\\\/2011\\\/05\\\/keuken_Sabine_006-300x225.jpg\",\"datePublished\":\"2011-05-20T15:03:43+00:00\",\"dateModified\":\"2023-03-31T08:09:33+00:00\",\"author\":{\"@id\":\"https:\\\/\\\/pauroux.com\\\/#\\\/schema\\\/person\\\/6c99610c5a38a88f5398a84d6c9a6b16\"},\"breadcrumb\":{\"@id\":\"https:\\\/\\\/pauroux.com\\\/nl\\\/een-reportage-op-de-regionale-tv-zender\\\/#breadcrumb\"},\"inLanguage\":\"nl-NL\",\"potentialAction\":[{\"@type\":\"ReadAction\",\"target\":[\"https:\\\/\\\/pauroux.com\\\/nl\\\/een-reportage-op-de-regionale-tv-zender\\\/\"]}]},{\"@type\":\"ImageObject\",\"inLanguage\":\"nl-NL\",\"@id\":\"https:\\\/\\\/pauroux.com\\\/nl\\\/een-reportage-op-de-regionale-tv-zender\\\/#primaryimage\",\"url\":\"https:\\\/\\\/pauroux.com\\\/wp-content\\\/uploads\\\/2011\\\/05\\\/keuken_Sabine_006-300x225.jpg\",\"contentUrl\":\"https:\\\/\\\/pauroux.com\\\/wp-content\\\/uploads\\\/2011\\\/05\\\/keuken_Sabine_006-300x225.jpg\"},{\"@type\":\"BreadcrumbList\",\"@id\":\"https:\\\/\\\/pauroux.com\\\/nl\\\/een-reportage-op-de-regionale-tv-zender\\\/#breadcrumb\",\"itemListElement\":[{\"@type\":\"ListItem\",\"position\":1,\"name\":\"Accueil\",\"item\":\"https:\\\/\\\/pauroux.com\\\/\"},{\"@type\":\"ListItem\",\"position\":2,\"name\":\"Een reportage op de regionale TV-zender\"}]},{\"@type\":\"WebSite\",\"@id\":\"https:\\\/\\\/pauroux.com\\\/#website\",\"url\":\"https:\\\/\\\/pauroux.com\\\/\",\"name\":\"Ferme de Pauroux\",\"description\":\"Chambres d&#039;h\u00f4tes, Table d&#039;h\u00f4tes et G\u00eetes\",\"potentialAction\":[{\"@type\":\"SearchAction\",\"target\":{\"@type\":\"EntryPoint\",\"urlTemplate\":\"https:\\\/\\\/pauroux.com\\\/?s={search_term_string}\"},\"query-input\":{\"@type\":\"PropertyValueSpecification\",\"valueRequired\":true,\"valueName\":\"search_term_string\"}}],\"inLanguage\":\"nl-NL\"},{\"@type\":\"Person\",\"@id\":\"https:\\\/\\\/pauroux.com\\\/#\\\/schema\\\/person\\\/6c99610c5a38a88f5398a84d6c9a6b16\",\"name\":\"admin\",\"image\":{\"@type\":\"ImageObject\",\"inLanguage\":\"nl-NL\",\"@id\":\"https:\\\/\\\/secure.gravatar.com\\\/avatar\\\/e25f60863043cbf7ad7bb33acca9895ad289cfcbaef398cf87b3198eb45e7299?s=96&d=mm&r=g\",\"url\":\"https:\\\/\\\/secure.gravatar.com\\\/avatar\\\/e25f60863043cbf7ad7bb33acca9895ad289cfcbaef398cf87b3198eb45e7299?s=96&d=mm&r=g\",\"contentUrl\":\"https:\\\/\\\/secure.gravatar.com\\\/avatar\\\/e25f60863043cbf7ad7bb33acca9895ad289cfcbaef398cf87b3198eb45e7299?s=96&d=mm&r=g\",\"caption\":\"admin\"},\"url\":\"https:\\\/\\\/pauroux.com\\\/nl\\\/author\\\/sabine\\\/\"}]}<\/script>\n<!-- \/ Yoast SEO plugin. -->","yoast_head_json":{"title":"Een reportage op de regionale TV-zender - Ferme de Pauroux","robots":{"index":"index","follow":"follow","max-snippet":"max-snippet:-1","max-image-preview":"max-image-preview:large","max-video-preview":"max-video-preview:-1"},"canonical":"https:\/\/pauroux.com\/nl\/een-reportage-op-de-regionale-tv-zender\/","og_locale":"nl_NL","og_type":"article","og_title":"Een reportage op de regionale TV-zender - Ferme de Pauroux","og_description":"Ooit had ik bij vrienden van ons geocaching ontdekt; schatzoeken met een GPS. Je krijgt de coordinaten van de plek waar de cache verstopt is en je gaat op zoek. Het leek mij een leuke manier om C\u00e9dric, die inmiddels 13 jaar is, enthousiast te maken voor een wandeling. Tenslotte is het ook een puber [&hellip;]","og_url":"https:\/\/pauroux.com\/nl\/een-reportage-op-de-regionale-tv-zender\/","og_site_name":"Ferme de Pauroux","article_published_time":"2011-05-20T15:03:43+00:00","article_modified_time":"2023-03-31T08:09:33+00:00","og_image":[{"url":"https:\/\/pauroux.com\/wp-content\/uploads\/2011\/05\/keuken_Sabine_006-300x225.jpg","type":"","width":"","height":""}],"author":"admin","twitter_misc":{"Geschreven door":"admin","Geschatte leestijd":"2 minuten"},"schema":{"@context":"https:\/\/schema.org","@graph":[{"@type":"Article","@id":"https:\/\/pauroux.com\/nl\/een-reportage-op-de-regionale-tv-zender\/#article","isPartOf":{"@id":"https:\/\/pauroux.com\/nl\/een-reportage-op-de-regionale-tv-zender\/"},"author":{"name":"admin","@id":"https:\/\/pauroux.com\/#\/schema\/person\/6c99610c5a38a88f5398a84d6c9a6b16"},"headline":"Een reportage op de regionale TV-zender","datePublished":"2011-05-20T15:03:43+00:00","dateModified":"2023-03-31T08:09:33+00:00","mainEntityOfPage":{"@id":"https:\/\/pauroux.com\/nl\/een-reportage-op-de-regionale-tv-zender\/"},"wordCount":421,"image":{"@id":"https:\/\/pauroux.com\/nl\/een-reportage-op-de-regionale-tv-zender\/#primaryimage"},"thumbnailUrl":"https:\/\/pauroux.com\/wp-content\/uploads\/2011\/05\/keuken_Sabine_006-300x225.jpg","articleSection":["Blog"],"inLanguage":"nl-NL"},{"@type":"WebPage","@id":"https:\/\/pauroux.com\/nl\/een-reportage-op-de-regionale-tv-zender\/","url":"https:\/\/pauroux.com\/nl\/een-reportage-op-de-regionale-tv-zender\/","name":"Een reportage op de regionale TV-zender - Ferme de Pauroux","isPartOf":{"@id":"https:\/\/pauroux.com\/#website"},"primaryImageOfPage":{"@id":"https:\/\/pauroux.com\/nl\/een-reportage-op-de-regionale-tv-zender\/#primaryimage"},"image":{"@id":"https:\/\/pauroux.com\/nl\/een-reportage-op-de-regionale-tv-zender\/#primaryimage"},"thumbnailUrl":"https:\/\/pauroux.com\/wp-content\/uploads\/2011\/05\/keuken_Sabine_006-300x225.jpg","datePublished":"2011-05-20T15:03:43+00:00","dateModified":"2023-03-31T08:09:33+00:00","author":{"@id":"https:\/\/pauroux.com\/#\/schema\/person\/6c99610c5a38a88f5398a84d6c9a6b16"},"breadcrumb":{"@id":"https:\/\/pauroux.com\/nl\/een-reportage-op-de-regionale-tv-zender\/#breadcrumb"},"inLanguage":"nl-NL","potentialAction":[{"@type":"ReadAction","target":["https:\/\/pauroux.com\/nl\/een-reportage-op-de-regionale-tv-zender\/"]}]},{"@type":"ImageObject","inLanguage":"nl-NL","@id":"https:\/\/pauroux.com\/nl\/een-reportage-op-de-regionale-tv-zender\/#primaryimage","url":"https:\/\/pauroux.com\/wp-content\/uploads\/2011\/05\/keuken_Sabine_006-300x225.jpg","contentUrl":"https:\/\/pauroux.com\/wp-content\/uploads\/2011\/05\/keuken_Sabine_006-300x225.jpg"},{"@type":"BreadcrumbList","@id":"https:\/\/pauroux.com\/nl\/een-reportage-op-de-regionale-tv-zender\/#breadcrumb","itemListElement":[{"@type":"ListItem","position":1,"name":"Accueil","item":"https:\/\/pauroux.com\/"},{"@type":"ListItem","position":2,"name":"Een reportage op de regionale TV-zender"}]},{"@type":"WebSite","@id":"https:\/\/pauroux.com\/#website","url":"https:\/\/pauroux.com\/","name":"Ferme de Pauroux","description":"Chambres d&#039;h\u00f4tes, Table d&#039;h\u00f4tes et G\u00eetes","potentialAction":[{"@type":"SearchAction","target":{"@type":"EntryPoint","urlTemplate":"https:\/\/pauroux.com\/?s={search_term_string}"},"query-input":{"@type":"PropertyValueSpecification","valueRequired":true,"valueName":"search_term_string"}}],"inLanguage":"nl-NL"},{"@type":"Person","@id":"https:\/\/pauroux.com\/#\/schema\/person\/6c99610c5a38a88f5398a84d6c9a6b16","name":"admin","image":{"@type":"ImageObject","inLanguage":"nl-NL","@id":"https:\/\/secure.gravatar.com\/avatar\/e25f60863043cbf7ad7bb33acca9895ad289cfcbaef398cf87b3198eb45e7299?s=96&d=mm&r=g","url":"https:\/\/secure.gravatar.com\/avatar\/e25f60863043cbf7ad7bb33acca9895ad289cfcbaef398cf87b3198eb45e7299?s=96&d=mm&r=g","contentUrl":"https:\/\/secure.gravatar.com\/avatar\/e25f60863043cbf7ad7bb33acca9895ad289cfcbaef398cf87b3198eb45e7299?s=96&d=mm&r=g","caption":"admin"},"url":"https:\/\/pauroux.com\/nl\/author\/sabine\/"}]}},"_links":{"self":[{"href":"https:\/\/pauroux.com\/nl\/wp-json\/wp\/v2\/posts\/1312","targetHints":{"allow":["GET"]}}],"collection":[{"href":"https:\/\/pauroux.com\/nl\/wp-json\/wp\/v2\/posts"}],"about":[{"href":"https:\/\/pauroux.com\/nl\/wp-json\/wp\/v2\/types\/post"}],"author":[{"embeddable":true,"href":"https:\/\/pauroux.com\/nl\/wp-json\/wp\/v2\/users\/2"}],"replies":[{"embeddable":true,"href":"https:\/\/pauroux.com\/nl\/wp-json\/wp\/v2\/comments?post=1312"}],"version-history":[{"count":1,"href":"https:\/\/pauroux.com\/nl\/wp-json\/wp\/v2\/posts\/1312\/revisions"}],"predecessor-version":[{"id":3844,"href":"https:\/\/pauroux.com\/nl\/wp-json\/wp\/v2\/posts\/1312\/revisions\/3844"}],"wp:attachment":[{"href":"https:\/\/pauroux.com\/nl\/wp-json\/wp\/v2\/media?parent=1312"}],"wp:term":[{"taxonomy":"category","embeddable":true,"href":"https:\/\/pauroux.com\/nl\/wp-json\/wp\/v2\/categories?post=1312"},{"taxonomy":"post_tag","embeddable":true,"href":"https:\/\/pauroux.com\/nl\/wp-json\/wp\/v2\/tags?post=1312"}],"curies":[{"name":"wp","href":"https:\/\/api.w.org\/{rel}","templated":true}]}}