{"id":1531,"date":"2014-05-24T07:46:16","date_gmt":"2014-05-24T07:46:16","guid":{"rendered":"https:\/\/pauroux.com\/?p=1531"},"modified":"2023-03-31T10:09:30","modified_gmt":"2023-03-31T08:09:30","slug":"gemeenteweggetje-toch-niet-2","status":"publish","type":"post","link":"https:\/\/pauroux.com\/nl\/gemeenteweggetje-toch-niet-2\/","title":{"rendered":"Gemeenteweggetje of toch niet?"},"content":{"rendered":"<p>Voor de binnenplaats langs loopt een landweggetje dat ter hoogte van de binnenplaats over gaat in een onverhard pad. Omdat dit een gemeentelijk weggetje is, althans dachten wij, houden we het netjes vrij. Laurent de boer die hierachter op het land de luzerne verbouwt voor zijn geiten komt er regelmatig overheen. In de winter de jagers als ze een everzwijn hebben geschoten en die met hun jeep willen ophalen. En in de zomer Hugues met zijn paarden of de paard en wagen als hij ritjes maakt met toeristen. We vragen de gasten om de auto&#8217;s op de parkeerplekken te zetten en zo leven we in goede harmonie met onze omgeving.<\/p>\n<div id=\"attachment_596\" style=\"width: 310px\" class=\"wp-caption alignleft\"><a href=\"https:\/\/pauroux.com\/wp-content\/uploads\/2014\/02\/BILD0224.jpg\" rel=\"lightbox[1531]\"><img loading=\"lazy\" decoding=\"async\" aria-describedby=\"caption-attachment-596\" class=\"size-medium wp-image-596\" alt=\"Geocaching Dr\u00f4me\" src=\"https:\/\/pauroux.com\/wp-content\/uploads\/2014\/02\/BILD0224-300x225.jpg\" width=\"300\" height=\"225\" srcset=\"https:\/\/pauroux.com\/wp-content\/uploads\/2014\/02\/BILD0224-300x225.jpg 300w, https:\/\/pauroux.com\/wp-content\/uploads\/2014\/02\/BILD0224-1024x768.jpg 1024w, https:\/\/pauroux.com\/wp-content\/uploads\/2014\/02\/BILD0224-160x120.jpg 160w\" sizes=\"auto, (max-width: 300px) 100vw, 300px\" \/><\/a><p id=\"caption-attachment-596\" class=\"wp-caption-text\">.<\/p><\/div>\n<p>Nu kwam Madame le Maire, de burgemeester een paar maanden geleden ineens op ons afstappen en wilde onze handtekening om het gemeentelijke weggetje op het kadaster te laten vermelden. Wij waren oprecht verbaast en vroegen haar waarom. Het was immers niet onze weg. Bleek dat in de jaren tachtig het weggetje door een fout van het kadaster was verdwenen. Om problemen (welke problemen?) te voorkomen wilde ze het weggetje weer terug hebben op het kadaster. Bizar een handtekening zetten voor iets dat toch al niet van jou is. Als de Mairie een fout had gemaakt, moesten ze die maar zelf weer recht zetten, zo redeneerden wij. Ai, dat was tegen het zere been. Wat was het geval, zonder onze handtekening, geen gemeenteweggetje.<\/p>\n<p>Toen we daar verder op ingingen bleek dat Madame le Maire alvast wilde voorkomen dat wij problemen zouden krijgen met onze buren (??). Bovendien zei ze dat de gemeente geen onderhoud kon verrichten als het geen gemeenteweg was. Sinds we hier wonen is er altijd onderhoud gepleegd aan de weg (ook al stond die dus niet meer op het kadaster), dus wat is er nu ineens veranderd? Nu zetten we niet graag een handtekening als we niet weten waar het toe leidt.<\/p>\n<p>Een aantal maanden later had Madame le Maire ineens de conclusie getrokken dat wij eigenlijk maar wat blij waren dat wij zelf de eigenaar waren van het weggetje en dat we daarom niet wilden tekenen. Dus kwam ze op de proppen met een voorstel om land te ruilen. Wat nu weer, het was toch een gemeenteweggetje en nu doen we aan landruil??? Toen dat bij ons ook niet aansloeg werd er een landmeter bijgehaald die alles ging uittekenen. Wij snapten daar niks van, maar bleven beleefd.<\/p>\n<p>Tijdens een vergadering werden de tekeningen getoond en ons wederom verzocht te tekenen. Nee, dus. Toen ging onze Madame le Maire helemaal uit haar dak, want nu hadden wij haar kosten laten maken voor niets (??). Haar laatste troef was een afspraak met ons en de landmeter erbij. We zijn netjes naar de afspraak gegaan. Zegt de landmeter: &#8216;U (wij dus) kunt in de huidige situatie een hek aan het begin van het weggetje plaatsen als u dat wilt en dan kan er niemand meer door&#8217;. Aha dus wij kunnen geen problemen krijgen wij kunnen ze maken!<\/p>\n","protected":false},"excerpt":{"rendered":"<p>Voor de binnenplaats langs loopt een landweggetje dat ter hoogte van de binnenplaats over gaat in een onverhard pad. Omdat dit een gemeentelijk weggetje is, althans dachten wij, houden we het netjes vrij. Laurent de boer die hierachter op het land de luzerne verbouwt voor zijn geiten komt er regelmatig overheen. In de winter de [&hellip;]<\/p>\n","protected":false},"author":2,"featured_media":0,"comment_status":"closed","ping_status":"closed","sticky":false,"template":"","format":"standard","meta":{"footnotes":""},"categories":[5,1],"tags":[],"class_list":["post-1531","post","type-post","status-publish","format-standard","hentry","category-blog","category-uncategorized"],"yoast_head":"<!-- This site is optimized with the Yoast SEO plugin v27.5 - https:\/\/yoast.com\/product\/yoast-seo-wordpress\/ -->\n<title>Gemeenteweggetje of toch niet? - Ferme de Pauroux<\/title>\n<meta name=\"robots\" content=\"index, follow, max-snippet:-1, max-image-preview:large, max-video-preview:-1\" \/>\n<link rel=\"canonical\" href=\"https:\/\/pauroux.com\/nl\/gemeenteweggetje-toch-niet-2\/\" \/>\n<meta property=\"og:locale\" content=\"nl_NL\" \/>\n<meta property=\"og:type\" content=\"article\" \/>\n<meta property=\"og:title\" content=\"Gemeenteweggetje of toch niet? - Ferme de Pauroux\" \/>\n<meta property=\"og:description\" content=\"Voor de binnenplaats langs loopt een landweggetje dat ter hoogte van de binnenplaats over gaat in een onverhard pad. Omdat dit een gemeentelijk weggetje is, althans dachten wij, houden we het netjes vrij. Laurent de boer die hierachter op het land de luzerne verbouwt voor zijn geiten komt er regelmatig overheen. In de winter de [&hellip;]\" \/>\n<meta property=\"og:url\" content=\"https:\/\/pauroux.com\/nl\/gemeenteweggetje-toch-niet-2\/\" \/>\n<meta property=\"og:site_name\" content=\"Ferme de Pauroux\" \/>\n<meta property=\"article:published_time\" content=\"2014-05-24T07:46:16+00:00\" \/>\n<meta property=\"article:modified_time\" content=\"2023-03-31T08:09:30+00:00\" \/>\n<meta property=\"og:image\" content=\"https:\/\/pauroux.com\/wp-content\/uploads\/2014\/02\/BILD0224-300x225.jpg\" \/>\n<meta name=\"author\" content=\"admin\" \/>\n<meta name=\"twitter:label1\" content=\"Geschreven door\" \/>\n\t<meta name=\"twitter:data1\" content=\"admin\" \/>\n\t<meta name=\"twitter:label2\" content=\"Geschatte leestijd\" \/>\n\t<meta name=\"twitter:data2\" content=\"3 minuten\" \/>\n<script type=\"application\/ld+json\" class=\"yoast-schema-graph\">{\"@context\":\"https:\\\/\\\/schema.org\",\"@graph\":[{\"@type\":\"Article\",\"@id\":\"https:\\\/\\\/pauroux.com\\\/nl\\\/gemeenteweggetje-toch-niet-2\\\/#article\",\"isPartOf\":{\"@id\":\"https:\\\/\\\/pauroux.com\\\/nl\\\/gemeenteweggetje-toch-niet-2\\\/\"},\"author\":{\"name\":\"admin\",\"@id\":\"https:\\\/\\\/pauroux.com\\\/#\\\/schema\\\/person\\\/6c99610c5a38a88f5398a84d6c9a6b16\"},\"headline\":\"Gemeenteweggetje of toch niet?\",\"datePublished\":\"2014-05-24T07:46:16+00:00\",\"dateModified\":\"2023-03-31T08:09:30+00:00\",\"mainEntityOfPage\":{\"@id\":\"https:\\\/\\\/pauroux.com\\\/nl\\\/gemeenteweggetje-toch-niet-2\\\/\"},\"wordCount\":507,\"image\":{\"@id\":\"https:\\\/\\\/pauroux.com\\\/nl\\\/gemeenteweggetje-toch-niet-2\\\/#primaryimage\"},\"thumbnailUrl\":\"https:\\\/\\\/pauroux.com\\\/wp-content\\\/uploads\\\/2014\\\/02\\\/BILD0224-300x225.jpg\",\"articleSection\":[\"Blog\",\"Uncategorized\"],\"inLanguage\":\"nl-NL\"},{\"@type\":\"WebPage\",\"@id\":\"https:\\\/\\\/pauroux.com\\\/nl\\\/gemeenteweggetje-toch-niet-2\\\/\",\"url\":\"https:\\\/\\\/pauroux.com\\\/nl\\\/gemeenteweggetje-toch-niet-2\\\/\",\"name\":\"Gemeenteweggetje of toch niet? - Ferme de Pauroux\",\"isPartOf\":{\"@id\":\"https:\\\/\\\/pauroux.com\\\/#website\"},\"primaryImageOfPage\":{\"@id\":\"https:\\\/\\\/pauroux.com\\\/nl\\\/gemeenteweggetje-toch-niet-2\\\/#primaryimage\"},\"image\":{\"@id\":\"https:\\\/\\\/pauroux.com\\\/nl\\\/gemeenteweggetje-toch-niet-2\\\/#primaryimage\"},\"thumbnailUrl\":\"https:\\\/\\\/pauroux.com\\\/wp-content\\\/uploads\\\/2014\\\/02\\\/BILD0224-300x225.jpg\",\"datePublished\":\"2014-05-24T07:46:16+00:00\",\"dateModified\":\"2023-03-31T08:09:30+00:00\",\"author\":{\"@id\":\"https:\\\/\\\/pauroux.com\\\/#\\\/schema\\\/person\\\/6c99610c5a38a88f5398a84d6c9a6b16\"},\"breadcrumb\":{\"@id\":\"https:\\\/\\\/pauroux.com\\\/nl\\\/gemeenteweggetje-toch-niet-2\\\/#breadcrumb\"},\"inLanguage\":\"nl-NL\",\"potentialAction\":[{\"@type\":\"ReadAction\",\"target\":[\"https:\\\/\\\/pauroux.com\\\/nl\\\/gemeenteweggetje-toch-niet-2\\\/\"]}]},{\"@type\":\"ImageObject\",\"inLanguage\":\"nl-NL\",\"@id\":\"https:\\\/\\\/pauroux.com\\\/nl\\\/gemeenteweggetje-toch-niet-2\\\/#primaryimage\",\"url\":\"https:\\\/\\\/pauroux.com\\\/wp-content\\\/uploads\\\/2014\\\/02\\\/BILD0224-300x225.jpg\",\"contentUrl\":\"https:\\\/\\\/pauroux.com\\\/wp-content\\\/uploads\\\/2014\\\/02\\\/BILD0224-300x225.jpg\"},{\"@type\":\"BreadcrumbList\",\"@id\":\"https:\\\/\\\/pauroux.com\\\/nl\\\/gemeenteweggetje-toch-niet-2\\\/#breadcrumb\",\"itemListElement\":[{\"@type\":\"ListItem\",\"position\":1,\"name\":\"Accueil\",\"item\":\"https:\\\/\\\/pauroux.com\\\/\"},{\"@type\":\"ListItem\",\"position\":2,\"name\":\"Gemeenteweggetje of toch niet?\"}]},{\"@type\":\"WebSite\",\"@id\":\"https:\\\/\\\/pauroux.com\\\/#website\",\"url\":\"https:\\\/\\\/pauroux.com\\\/\",\"name\":\"Ferme de Pauroux\",\"description\":\"Chambres d&#039;h\u00f4tes, Table d&#039;h\u00f4tes et G\u00eetes\",\"potentialAction\":[{\"@type\":\"SearchAction\",\"target\":{\"@type\":\"EntryPoint\",\"urlTemplate\":\"https:\\\/\\\/pauroux.com\\\/?s={search_term_string}\"},\"query-input\":{\"@type\":\"PropertyValueSpecification\",\"valueRequired\":true,\"valueName\":\"search_term_string\"}}],\"inLanguage\":\"nl-NL\"},{\"@type\":\"Person\",\"@id\":\"https:\\\/\\\/pauroux.com\\\/#\\\/schema\\\/person\\\/6c99610c5a38a88f5398a84d6c9a6b16\",\"name\":\"admin\",\"image\":{\"@type\":\"ImageObject\",\"inLanguage\":\"nl-NL\",\"@id\":\"https:\\\/\\\/secure.gravatar.com\\\/avatar\\\/e25f60863043cbf7ad7bb33acca9895ad289cfcbaef398cf87b3198eb45e7299?s=96&d=mm&r=g\",\"url\":\"https:\\\/\\\/secure.gravatar.com\\\/avatar\\\/e25f60863043cbf7ad7bb33acca9895ad289cfcbaef398cf87b3198eb45e7299?s=96&d=mm&r=g\",\"contentUrl\":\"https:\\\/\\\/secure.gravatar.com\\\/avatar\\\/e25f60863043cbf7ad7bb33acca9895ad289cfcbaef398cf87b3198eb45e7299?s=96&d=mm&r=g\",\"caption\":\"admin\"},\"url\":\"https:\\\/\\\/pauroux.com\\\/nl\\\/author\\\/sabine\\\/\"}]}<\/script>\n<!-- \/ Yoast SEO plugin. -->","yoast_head_json":{"title":"Gemeenteweggetje of toch niet? - Ferme de Pauroux","robots":{"index":"index","follow":"follow","max-snippet":"max-snippet:-1","max-image-preview":"max-image-preview:large","max-video-preview":"max-video-preview:-1"},"canonical":"https:\/\/pauroux.com\/nl\/gemeenteweggetje-toch-niet-2\/","og_locale":"nl_NL","og_type":"article","og_title":"Gemeenteweggetje of toch niet? - Ferme de Pauroux","og_description":"Voor de binnenplaats langs loopt een landweggetje dat ter hoogte van de binnenplaats over gaat in een onverhard pad. Omdat dit een gemeentelijk weggetje is, althans dachten wij, houden we het netjes vrij. Laurent de boer die hierachter op het land de luzerne verbouwt voor zijn geiten komt er regelmatig overheen. In de winter de [&hellip;]","og_url":"https:\/\/pauroux.com\/nl\/gemeenteweggetje-toch-niet-2\/","og_site_name":"Ferme de Pauroux","article_published_time":"2014-05-24T07:46:16+00:00","article_modified_time":"2023-03-31T08:09:30+00:00","og_image":[{"url":"https:\/\/pauroux.com\/wp-content\/uploads\/2014\/02\/BILD0224-300x225.jpg","type":"","width":"","height":""}],"author":"admin","twitter_misc":{"Geschreven door":"admin","Geschatte leestijd":"3 minuten"},"schema":{"@context":"https:\/\/schema.org","@graph":[{"@type":"Article","@id":"https:\/\/pauroux.com\/nl\/gemeenteweggetje-toch-niet-2\/#article","isPartOf":{"@id":"https:\/\/pauroux.com\/nl\/gemeenteweggetje-toch-niet-2\/"},"author":{"name":"admin","@id":"https:\/\/pauroux.com\/#\/schema\/person\/6c99610c5a38a88f5398a84d6c9a6b16"},"headline":"Gemeenteweggetje of toch niet?","datePublished":"2014-05-24T07:46:16+00:00","dateModified":"2023-03-31T08:09:30+00:00","mainEntityOfPage":{"@id":"https:\/\/pauroux.com\/nl\/gemeenteweggetje-toch-niet-2\/"},"wordCount":507,"image":{"@id":"https:\/\/pauroux.com\/nl\/gemeenteweggetje-toch-niet-2\/#primaryimage"},"thumbnailUrl":"https:\/\/pauroux.com\/wp-content\/uploads\/2014\/02\/BILD0224-300x225.jpg","articleSection":["Blog","Uncategorized"],"inLanguage":"nl-NL"},{"@type":"WebPage","@id":"https:\/\/pauroux.com\/nl\/gemeenteweggetje-toch-niet-2\/","url":"https:\/\/pauroux.com\/nl\/gemeenteweggetje-toch-niet-2\/","name":"Gemeenteweggetje of toch niet? - Ferme de Pauroux","isPartOf":{"@id":"https:\/\/pauroux.com\/#website"},"primaryImageOfPage":{"@id":"https:\/\/pauroux.com\/nl\/gemeenteweggetje-toch-niet-2\/#primaryimage"},"image":{"@id":"https:\/\/pauroux.com\/nl\/gemeenteweggetje-toch-niet-2\/#primaryimage"},"thumbnailUrl":"https:\/\/pauroux.com\/wp-content\/uploads\/2014\/02\/BILD0224-300x225.jpg","datePublished":"2014-05-24T07:46:16+00:00","dateModified":"2023-03-31T08:09:30+00:00","author":{"@id":"https:\/\/pauroux.com\/#\/schema\/person\/6c99610c5a38a88f5398a84d6c9a6b16"},"breadcrumb":{"@id":"https:\/\/pauroux.com\/nl\/gemeenteweggetje-toch-niet-2\/#breadcrumb"},"inLanguage":"nl-NL","potentialAction":[{"@type":"ReadAction","target":["https:\/\/pauroux.com\/nl\/gemeenteweggetje-toch-niet-2\/"]}]},{"@type":"ImageObject","inLanguage":"nl-NL","@id":"https:\/\/pauroux.com\/nl\/gemeenteweggetje-toch-niet-2\/#primaryimage","url":"https:\/\/pauroux.com\/wp-content\/uploads\/2014\/02\/BILD0224-300x225.jpg","contentUrl":"https:\/\/pauroux.com\/wp-content\/uploads\/2014\/02\/BILD0224-300x225.jpg"},{"@type":"BreadcrumbList","@id":"https:\/\/pauroux.com\/nl\/gemeenteweggetje-toch-niet-2\/#breadcrumb","itemListElement":[{"@type":"ListItem","position":1,"name":"Accueil","item":"https:\/\/pauroux.com\/"},{"@type":"ListItem","position":2,"name":"Gemeenteweggetje of toch niet?"}]},{"@type":"WebSite","@id":"https:\/\/pauroux.com\/#website","url":"https:\/\/pauroux.com\/","name":"Ferme de Pauroux","description":"Chambres d&#039;h\u00f4tes, Table d&#039;h\u00f4tes et G\u00eetes","potentialAction":[{"@type":"SearchAction","target":{"@type":"EntryPoint","urlTemplate":"https:\/\/pauroux.com\/?s={search_term_string}"},"query-input":{"@type":"PropertyValueSpecification","valueRequired":true,"valueName":"search_term_string"}}],"inLanguage":"nl-NL"},{"@type":"Person","@id":"https:\/\/pauroux.com\/#\/schema\/person\/6c99610c5a38a88f5398a84d6c9a6b16","name":"admin","image":{"@type":"ImageObject","inLanguage":"nl-NL","@id":"https:\/\/secure.gravatar.com\/avatar\/e25f60863043cbf7ad7bb33acca9895ad289cfcbaef398cf87b3198eb45e7299?s=96&d=mm&r=g","url":"https:\/\/secure.gravatar.com\/avatar\/e25f60863043cbf7ad7bb33acca9895ad289cfcbaef398cf87b3198eb45e7299?s=96&d=mm&r=g","contentUrl":"https:\/\/secure.gravatar.com\/avatar\/e25f60863043cbf7ad7bb33acca9895ad289cfcbaef398cf87b3198eb45e7299?s=96&d=mm&r=g","caption":"admin"},"url":"https:\/\/pauroux.com\/nl\/author\/sabine\/"}]}},"_links":{"self":[{"href":"https:\/\/pauroux.com\/nl\/wp-json\/wp\/v2\/posts\/1531","targetHints":{"allow":["GET"]}}],"collection":[{"href":"https:\/\/pauroux.com\/nl\/wp-json\/wp\/v2\/posts"}],"about":[{"href":"https:\/\/pauroux.com\/nl\/wp-json\/wp\/v2\/types\/post"}],"author":[{"embeddable":true,"href":"https:\/\/pauroux.com\/nl\/wp-json\/wp\/v2\/users\/2"}],"replies":[{"embeddable":true,"href":"https:\/\/pauroux.com\/nl\/wp-json\/wp\/v2\/comments?post=1531"}],"version-history":[{"count":1,"href":"https:\/\/pauroux.com\/nl\/wp-json\/wp\/v2\/posts\/1531\/revisions"}],"predecessor-version":[{"id":3828,"href":"https:\/\/pauroux.com\/nl\/wp-json\/wp\/v2\/posts\/1531\/revisions\/3828"}],"wp:attachment":[{"href":"https:\/\/pauroux.com\/nl\/wp-json\/wp\/v2\/media?parent=1531"}],"wp:term":[{"taxonomy":"category","embeddable":true,"href":"https:\/\/pauroux.com\/nl\/wp-json\/wp\/v2\/categories?post=1531"},{"taxonomy":"post_tag","embeddable":true,"href":"https:\/\/pauroux.com\/nl\/wp-json\/wp\/v2\/tags?post=1531"}],"curies":[{"name":"wp","href":"https:\/\/api.w.org\/{rel}","templated":true}]}}